{"id":2410,"date":"2025-03-31T22:58:16","date_gmt":"2025-04-01T01:58:16","guid":{"rendered":"https:\/\/www.monstrum.dev.br\/clientes_\/construir\/?p=2410"},"modified":"2025-05-04T20:09:07","modified_gmt":"2025-05-04T23:09:07","slug":"desfralde-infantil-um-passo-importante-com-carinho-e-parceria","status":"publish","type":"post","link":"https:\/\/www.monstrum.dev.br\/clientes_\/construir\/2025\/03\/31\/desfralde-infantil-um-passo-importante-com-carinho-e-parceria\/","title":{"rendered":"Desfralde Infantil: um passo importante com carinho e parceria"},"content":{"rendered":"\n<p>O processo de <strong>desfralde infantil<\/strong> \u00e9 uma das fases mais importantes no desenvolvimento das crian\u00e7as \u2014 e, ao mesmo tempo, uma das que mais geram d\u00favidas nos pais:<br>\ud83d\udc49 Qual a idade ideal para tirar a fralda?<br>\ud83d\udc49 Como saber se meu filho est\u00e1 pronto?<br>\ud83d\udc49 O que fazer quando ocorrem acidentes?<\/p>\n\n\n\n<p>Na <strong>Escola Construir<\/strong>, esse momento \u00e9 tratado com muito cuidado, empatia e parceria entre <strong>escola e fam\u00edlia<\/strong>. \ud83d\udc99<\/p>\n\n\n\n<h4 class=\"wp-block-heading\">\ud83d\udca1 Cada crian\u00e7a tem seu tempo<\/h4>\n\n\n\n<p>Sabemos que cada pequeno tem um ritmo diferente. Por isso, observamos os <strong>sinais de prontid\u00e3o<\/strong> com respeito e carinho, como:<\/p>\n\n\n\n<ul class=\"wp-block-list\">\n<li>Interesse pelo banheiro;<\/li>\n\n\n\n<li>Fralda seca por mais tempo;<\/li>\n\n\n\n<li>Disconforto com a fralda suja;<\/li>\n\n\n\n<li>Capacidade de comunicar que quer fazer xixi ou coc\u00f4.<\/li>\n<\/ul>\n\n\n\n<h4 class=\"wp-block-heading\">\ud83c\udfeb A escola como apoio nesse processo<\/h4>\n\n\n\n<p>Nosso papel \u00e9 oferecer um ambiente seguro e tranquilo, onde a crian\u00e7a se sinta confort\u00e1vel para experimentar essa nova fase. Aqui, o desfralde \u00e9 feito com:<br>\u2714\ufe0f Rotinas organizadas;<br>\u2714\ufe0f Est\u00edmulo positivo e refor\u00e7o das conquistas;<br>\u2714\ufe0f Acompanhamento pr\u00f3ximo com os pais;<br>\u2714\ufe0f Carinho, paci\u00eancia e leveza.<\/p>\n\n\n\n<h4 class=\"wp-block-heading\">\ud83c\udfe0 Dicas para a fam\u00edlia em casa<\/h4>\n\n\n\n<p>\ud83d\udc56 Opte por roupas f\u00e1ceis de tirar.<br>\u23f0 Estabele\u00e7a hor\u00e1rios para ir ao banheiro.<br>\ud83c\udf89 Comemore os avan\u00e7os e evite puni\u00e7\u00f5es.<br>\ud83e\udd1d Mantenha o di\u00e1logo com a escola para alinhar estrat\u00e9gias.<\/p>\n\n\n\n<h4 class=\"wp-block-heading\">\ud83d\udcac Nosso convite \u00e0s fam\u00edlias<\/h4>\n\n\n\n<p>Se voc\u00ea est\u00e1 passando por esse momento com seu filho(a), conte com a <strong>Escola Construir<\/strong>! Estamos aqui para <strong>construir juntos<\/strong> esse passo t\u00e3o importante na forma\u00e7\u00e3o de crian\u00e7as mais seguras, aut\u00f4nomas e felizes!<\/p>\n\n\n\n<p>Porque aqui, a gente acredita que aprender tamb\u00e9m \u00e9 crescer com afeto. \ud83d\udc99<\/p>\n\n\n\n<hr class=\"wp-block-separator has-alpha-channel-opacity has-pale-ocean-gradient-background has-background\" id=\"desfralde\" \/>\n","protected":false},"excerpt":{"rendered":"<p>O processo de desfralde infantil \u00e9 uma das fases mais importantes no desenvolvimento das crian\u00e7as \u2014 e, ao mesmo tempo, uma das que mais geram d\u00favidas nos pais:\ud83d\udc49 Qual a idade ideal para tirar a fralda?\ud83d\udc49 Como saber se meu filho est\u00e1 pronto?\ud83d\udc49 O que fazer quando ocorrem acidentes? Na Escola Construir, esse momento \u00e9&hellip;<\/p>\n","protected":false},"author":3,"featured_media":2411,"comment_status":"closed","ping_status":"open","sticky":false,"template":"","format":"standard","meta":{"footnotes":""},"categories":[1],"tags":[15,13,14,16,17],"class_list":["post-2410","post","type-post","status-publish","format-standard","has-post-thumbnail","hentry","category-sem-categoria","tag-bercario","tag-como-tirar-a-fralda","tag-desfralde-infantil","tag-educacao-infantil","tag-idade-certa-para-desfralde","category-1","description-off"],"_links":{"self":[{"href":"https:\/\/www.monstrum.dev.br\/clientes_\/construir\/wp-json\/wp\/v2\/posts\/2410","targetHints":{"allow":["GET"]}}],"collection":[{"href":"https:\/\/www.monstrum.dev.br\/clientes_\/construir\/wp-json\/wp\/v2\/posts"}],"about":[{"href":"https:\/\/www.monstrum.dev.br\/clientes_\/construir\/wp-json\/wp\/v2\/types\/post"}],"author":[{"embeddable":true,"href":"https:\/\/www.monstrum.dev.br\/clientes_\/construir\/wp-json\/wp\/v2\/users\/3"}],"replies":[{"embeddable":true,"href":"https:\/\/www.monstrum.dev.br\/clientes_\/construir\/wp-json\/wp\/v2\/comments?post=2410"}],"version-history":[{"count":1,"href":"https:\/\/www.monstrum.dev.br\/clientes_\/construir\/wp-json\/wp\/v2\/posts\/2410\/revisions"}],"predecessor-version":[{"id":2412,"href":"https:\/\/www.monstrum.dev.br\/clientes_\/construir\/wp-json\/wp\/v2\/posts\/2410\/revisions\/2412"}],"wp:featuredmedia":[{"embeddable":true,"href":"https:\/\/www.monstrum.dev.br\/clientes_\/construir\/wp-json\/wp\/v2\/media\/2411"}],"wp:attachment":[{"href":"https:\/\/www.monstrum.dev.br\/clientes_\/construir\/wp-json\/wp\/v2\/media?parent=2410"}],"wp:term":[{"taxonomy":"category","embeddable":true,"href":"https:\/\/www.monstrum.dev.br\/clientes_\/construir\/wp-json\/wp\/v2\/categories?post=2410"},{"taxonomy":"post_tag","embeddable":true,"href":"https:\/\/www.monstrum.dev.br\/clientes_\/construir\/wp-json\/wp\/v2\/tags?post=2410"}],"curies":[{"name":"wp","href":"https:\/\/api.w.org\/{rel}","templated":true}]}}